{"id":386,"date":"2025-04-02T18:05:18","date_gmt":"2025-04-02T16:05:18","guid":{"rendered":"https:\/\/carnet-libre-international.fr\/?p=386"},"modified":"2025-04-17T08:37:29","modified_gmt":"2025-04-17T06:37:29","slug":"juges-et-partis","status":"publish","type":"post","link":"https:\/\/carnet-libre-international.fr\/?p=386","title":{"rendered":"Juges et Partis"},"content":{"rendered":"<p style=\"text-align: justify;\">Les aventures judiciaires de Marine Le Pen pourraient n\u2019\u00eatre qu\u2019une simple affaire de malversation impliquant des \u00e9lus comme la France en a d\u00e9j\u00e0 connue dans le pass\u00e9 et en rester \u00e0 une simple p\u00e9rip\u00e9tie de la vie politique et judiciaire nationale.<\/p>\n<p style=\"text-align: justify;\">Au cours des trois d\u00e9cennies pass\u00e9es, la liste est longue d\u2019\u00e9lus de tous niveaux, local ou national, qui ont \u00e9t\u00e9 mis en cause par la justice pour des d\u00e9lits divers en relation avec leurs fonctions. Nombre d\u2019entre eux ont \u00e9t\u00e9 reconnus coupables et condamn\u00e9s \u00e0 des peines variables, tr\u00e8s souvent assorties d\u2019in\u00e9ligibilit\u00e9. La justice a frapp\u00e9 aussi bien \u00e0 gauche, qu\u2019au centre et \u00e0 droite du spectre politique et parmi les condamn\u00e9s ne figure pas que du menu fretin, mais nombre de ministres, d\u2019anciens premiers ministres, et m\u00eame deux anciens pr\u00e9sidents de la R\u00e9publique.<\/p>\n<p style=\"text-align: justify;\">En quoi donc la condamnation de Marine Le Pen \u00e0 quatre ans de prison, dont trois avec sursis et cinq ans d\u2019in\u00e9ligibilit\u00e9 se distingue-t-elle\u00a0 du lot\u00a0?<!--more--><\/p>\n<p style=\"text-align: justify;\">Tout d\u2019abord par les faits reproch\u00e9s. Ils ont \u00e9t\u00e9 abondamment document\u00e9s et il n\u2019y a pas lieu d\u2019y revenir. Il s\u2019agit clairement d\u2019une affaire d\u2019emplois fictifs, mais d\u2019une ampleur et d\u2019une dur\u00e9e exceptionnelles. En faisant travailler quasiment exclusivement pour le parti des assistants parlementaires (ou pr\u00e9sent\u00e9s comme tels) de d\u00e9put\u00e9s europ\u00e9ens du Rassemblement national, pay\u00e9s donc par le Parlement europ\u00e9en, la direction a sciemment financ\u00e9 le parti directement avec l\u2019argent du contribuable, gr\u00e2ce \u00e0 un syst\u00e8me bien rod\u00e9 pendant une douzaine d\u2019ann\u00e9es et dans lequel Marine Le Pen appara\u00eet comme une donneuse d\u2019ordre principale aux c\u00f4t\u00e9s de quelques comparses \u00e9galement condamn\u00e9s. Le pr\u00e9judice subi par le Parlement europ\u00e9en est cons\u00e9quent puisqu\u2019il s\u2019\u00e9l\u00e8ve \u00e0 plusieurs millions d\u2019euros. On est loin des bricolages un peu minables dont ont pu, dans le pass\u00e9, se rendre coupables certains \u00e9lus \u00e0 titre individuel.<\/p>\n<p style=\"text-align: justify;\">Mais au-del\u00e0 des faits, cette d\u00e9cision\u00a0 judiciaire apporte quelques enseignements et quelques clarifications. Les r\u00e9actions \u00e0 l\u2019issue de ce proc\u00e8s appellent notamment un certain nombre d\u2019observations.<\/p>\n<p style=\"text-align: justify;\">La premi\u00e8re est l\u2019\u00e9trange stup\u00e9faction de la pr\u00e9sidente du groupe Rassemblement national \u00e0 l\u2019Assembl\u00e9e nationale \u00e0 l\u2019annonc\u00e9e du verdict. Pour qui a quelque peu suivi le d\u00e9roul\u00e9 du proc\u00e8s, les charges \u00e9taient accablantes, la d\u00e9fense inconsistante et une condamnation semblait\u00a0 assez logique. La question de l\u2019ex\u00e9cution provisoire demand\u00e9e par la procureure qui peut appara\u00eetre aux yeux de certains comme d\u2019une excessive s\u00e9v\u00e9rit\u00e9 est tr\u00e8s probablement la cons\u00e9quence du d\u00e9ni obstin\u00e9 dans lequel les accus\u00e9s ont persist\u00e9 tout au long du proc\u00e8s en d\u00e9pit des preuves accumul\u00e9es confortant les accusations de d\u00e9tournement de fonds publics de mani\u00e8re organis\u00e9e, dans le but avou\u00e9 de financer le parti RN.<\/p>\n<p style=\"text-align: justify;\">La deuxi\u00e8me concerne les r\u00e9actions \u00e0 ce verdict.<\/p>\n<p style=\"text-align: justify;\">De la part de la condamn\u00e9e principale et de la direction du RN : on peut dire que d\u2019une certaine mani\u00e8re, les masques tombent. Le long chemin de la d\u00e9diabolisation\u00a0 emprunt\u00e9 par Marine Le Pen pour donner une figure respectable au parti de son p\u00e8re et \u00e0 op\u00e9rer, au moins en apparence, une \u00ab\u00a0normalisation\u00a0\u00bb d\u00e9mocratique, aboutit \u00e0 une impasse. En quelques heures, on en est revenu aux fondamentaux du Front national et des mouvements populistes en g\u00e9n\u00e9ral.<\/p>\n<p style=\"text-align: justify;\">Attaque contre les juges et la justice\u00a0: Marine le Pen, Jordan Bardella, Jean-Philippe Tanguy, en particulier propagent d\u00e9sormais le r\u00e9cit selon lequel les juges qui les condamnent sont mus par des motivations politiques, on parle d\u00e9sormais de \u00ab\u00a0tyrannie des juges\u00a0\u00bb (Le Pen), on d\u00e9nonce un \u00ab\u00a0quarteron de juges et de procureurs tyrans\u00a0\u00bb (Jean-Philippe Tanguy), de \u00ab\u00a0criminalisation des droits de la d\u00e9fense\u00a0\u00bb (Le Pen), et m\u00eame de \u00ab\u00a0proc\u00e8s engag\u00e9 par des adversaires politiques\u00a0\u00bb (Le Pen). La violence des attaques et les menaces prof\u00e9r\u00e9es sur les r\u00e9seaux sociaux ont d\u2019ailleurs conduit \u00e0 placer la pr\u00e9sidente du tribunal sous protection polici\u00e8re, ce qui, d\u2019ordinaire, est plut\u00f4t le lot des magistrats instruisant des affaires mafieuses ou de narcotrafiquants.<\/p>\n<p style=\"text-align: justify;\">D\u00e9nonciation aux accents complotistes d\u2019un \u00ab\u00a0syst\u00e8me\u00a0\u00bb qui \u0153uvrerait par tous les moyens, y compris en instrumentalisant la justice, \u00e0 emp\u00eacher le Rassemblement national \u00e0 acc\u00e9der au pouvoir. Marine Le Pen\u00a0 le mart\u00e8le\u00a0: il s\u2019agit d\u2019un \u00ab\u00a0jugement politique pour m\u2019emp\u00eacher de participer \u00e0 la pr\u00e9sidentielle\u00a0\u00bb, \u00ab\u00a0le syst\u00e8me a sorti la bombe nucl\u00e9aire contre nous\u00a0\u00bb\u00a0et sa ni\u00e8ce, dans un \u00e9lan de solidarit\u00e9 familiale, d\u00e9nonce une \u00ab\u00a0attitude scandaleuse de juges de gauche\u00a0\u00bb. Et, se projetant dans une \u00e9ventuelle confirmation de son in\u00e9ligibilit\u00e9 en 2027, Marine Le Pen conclut que, dans ces conditions, si elle ne peut participer, \u00ab\u00a0ce sera une \u00e9lection vol\u00e9e\u00a0\u00bb.<\/p>\n<p style=\"text-align: justify;\">L\u2019emploi de ces termes et de ces arguments est lourd de signification. La r\u00e9surgence du terme \u00ab\u00a0syst\u00e8me\u00a0\u00bb, popularis\u00e9 en son temps par Le Pen p\u00e8re, mais plut\u00f4t d\u00e9laiss\u00e9 ces derni\u00e8res ann\u00e9es, est, \u00e0 cet \u00e9gard, embl\u00e9matique de ce retour aux sources qui va peut-\u00eatre marquer l\u2019\u00e9volution du parti dans les prochain mois. Il y a, \u00e0 l\u2019extr\u00eame droite, une vieille d\u00e9lectation dans une posture parano\u00efaque qui voit des complots partout se dresser sur sa route. Le \u00ab\u00a0syst\u00e8me\u00a0\u00bb, c\u2019est l\u2019\u00c9tat profond\u00a0 mythique, les juges pr\u00e9tendument tous de gauche, les journalistes partiaux, en bref les \u00ab\u00a0\u00e9lites\u00a0\u00bb, forc\u00e9ment oppos\u00e9es au \u00ab\u00a0peuple\u00a0\u00bb dont le jugement est revendiqu\u00e9 comme seul recours l\u00e9gitime face \u00e0 ce monde hostile.<\/p>\n<p style=\"text-align: justify;\">Ce floril\u00e8ge, non exhaustif, fait \u00e9videmment immanquablement \u00e9cho aux argumentaires d\u00e9velopp\u00e9es de par le monde par les repr\u00e9sentants des r\u00e9gimes autoritaires et \u00e9galement, bien s\u00fbr, aux \u00c9tats-Unis o\u00f9 Donald Trump les ass\u00e8ne sans mod\u00e9ration depuis bient\u00f4t dix ans. La posture victimaire de Rassemblement national et de Mme Le Pen en particulier frise en outre l\u2019ind\u00e9cence lorsque cette derni\u00e8re, dans un amalgame surprenant, assimile ses d\u00e9boires au calvaire d\u2019un Navalny ou d\u2019autres opposants embastill\u00e9s dans divers pays dont les dirigeants lui sont id\u00e9ologiquement proches. \u00c0 cet \u00e9gard les soutiens qu\u2019elle a imm\u00e9diatement re\u00e7us de la part de ces m\u00eames dirigeants parlent d\u2019eux-m\u00eames : dans les heures qui ont suivi l\u2019annonce du verdict il ne manquait pas grand monde du gratin de \u00ab\u00a0l\u2019internationale r\u00e9actionnaire\u00a0\u00bb qu\u2019\u00e9voquait r\u00e9cemment le pr\u00e9sident Macron pour manifester son soutien \u00e0 la condamn\u00e9e.<\/p>\n<p style=\"text-align: justify;\">Au-del\u00e0 de la question de savoir si Marine Le Pen pourra \u00eatre candidate ou non \u00e0 la prochaine \u00e9lection pr\u00e9sidentielle lorsque les recours en justice auront \u00e9t\u00e9 \u00e9puis\u00e9s, il est probable que la d\u00e9cision du tribunal d\u2019instance de Paris du 31 mars aura des cons\u00e9quences sur la recomposition du paysage politique, particuli\u00e8rement \u00e0 droite. D\u00e9sormais, la question de l\u2019avenir du Rassemblement national sans Marine Le Pen n\u2019est plus un tabou. Certes personne encore n\u2019osera l\u2019\u00e9voquer \u00e0 voix haute, mais il est clair que tout le monde y pense, et pas seulement au sein du parti, mais \u00e9galement dans les franges de la droite \u00ab\u00a0r\u00e9publicaine\u00a0\u00bb qui se verrait bien r\u00e9cup\u00e9rer une partie de l\u2019\u00e9lectorat mod\u00e9r\u00e9 RN dans le cas o\u00f9 le parti retomberait dans les errements du Front national.<\/p>\n<p>&nbsp;<\/p>\n<p>&nbsp;<\/p>\n","protected":false},"excerpt":{"rendered":"<p>Les aventures judiciaires de Marine Le Pen pourraient n\u2019\u00eatre qu\u2019une simple affaire de malversation impliquant des \u00e9lus comme la France en a d\u00e9j\u00e0 connue dans le pass\u00e9 et en rester \u00e0 une simple p\u00e9rip\u00e9tie de la vie politique et judiciaire &hellip; <a href=\"https:\/\/carnet-libre-international.fr\/?p=386\">Continuer la lecture <span class=\"meta-nav\">&rarr;<\/span><\/a><\/p>\n","protected":false},"author":1,"featured_media":0,"comment_status":"open","ping_status":"open","sticky":false,"template":"","format":"standard","meta":{"jetpack_post_was_ever_published":false,"_jetpack_newsletter_access":"","_jetpack_dont_email_post_to_subs":false,"_jetpack_newsletter_tier_id":0,"_jetpack_memberships_contains_paywalled_content":false,"_jetpack_memberships_contains_paid_content":false,"footnotes":"","jetpack_publicize_message":"","jetpack_publicize_feature_enabled":true,"jetpack_social_post_already_shared":true,"jetpack_social_options":{"image_generator_settings":{"template":"highway","default_image_id":0,"font":"","enabled":false},"version":2}},"categories":[1],"tags":[81,41,72,51,69],"class_list":["post-386","post","type-post","status-publish","format-standard","hentry","category-articles","tag-complotisme","tag-election-presidentielle","tag-extreme-droite","tag-france","tag-le-pen"],"jetpack_publicize_connections":[],"jetpack_featured_media_url":"","jetpack_sharing_enabled":true,"jetpack_shortlink":"https:\/\/wp.me\/p8ksID-6e","_links":{"self":[{"href":"https:\/\/carnet-libre-international.fr\/index.php?rest_route=\/wp\/v2\/posts\/386","targetHints":{"allow":["GET"]}}],"collection":[{"href":"https:\/\/carnet-libre-international.fr\/index.php?rest_route=\/wp\/v2\/posts"}],"about":[{"href":"https:\/\/carnet-libre-international.fr\/index.php?rest_route=\/wp\/v2\/types\/post"}],"author":[{"embeddable":true,"href":"https:\/\/carnet-libre-international.fr\/index.php?rest_route=\/wp\/v2\/users\/1"}],"replies":[{"embeddable":true,"href":"https:\/\/carnet-libre-international.fr\/index.php?rest_route=%2Fwp%2Fv2%2Fcomments&post=386"}],"version-history":[{"count":2,"href":"https:\/\/carnet-libre-international.fr\/index.php?rest_route=\/wp\/v2\/posts\/386\/revisions"}],"predecessor-version":[{"id":437,"href":"https:\/\/carnet-libre-international.fr\/index.php?rest_route=\/wp\/v2\/posts\/386\/revisions\/437"}],"wp:attachment":[{"href":"https:\/\/carnet-libre-international.fr\/index.php?rest_route=%2Fwp%2Fv2%2Fmedia&parent=386"}],"wp:term":[{"taxonomy":"category","embeddable":true,"href":"https:\/\/carnet-libre-international.fr\/index.php?rest_route=%2Fwp%2Fv2%2Fcategories&post=386"},{"taxonomy":"post_tag","embeddable":true,"href":"https:\/\/carnet-libre-international.fr\/index.php?rest_route=%2Fwp%2Fv2%2Ftags&post=386"}],"curies":[{"name":"wp","href":"https:\/\/api.w.org\/{rel}","templated":true}]}}