{"id":357,"date":"2025-02-22T13:42:18","date_gmt":"2025-02-22T12:42:18","guid":{"rendered":"https:\/\/carnet-libre-international.fr\/?p=357"},"modified":"2025-03-13T16:22:26","modified_gmt":"2025-03-13T15:22:26","slug":"triple-menace","status":"publish","type":"post","link":"https:\/\/carnet-libre-international.fr\/?p=357","title":{"rendered":"Triple menace"},"content":{"rendered":"<p style=\"text-align: justify;\">Les pays europ\u00e9ens sont aujourd\u2019hui confront\u00e9s \u00e0 une triple menace. Une agression arm\u00e9e qui rappelle celle qu&rsquo;ils ont subie il y a 75 ans de la part de l\u2019Allemagne nazie, (les fondements id\u00e9ologiques du nazisme et ceux du poutinisme sont certes diff\u00e9rents, mais les m\u00e9thodes sont tr\u00e8s similaires). Une menace interne sur la stabilit\u00e9 des r\u00e9gimes d\u00e9mocratiques de la part de partis et groupes dont l\u2019influence et l\u2019emprise vont croissantes dans un certain nombre de pays\u00a0 (lorsqu&rsquo;ils ne sont pas d\u00e9j\u00e0 au pouvoir). Et, d\u00e9sormais, une menace multiforme de la part du pays alli\u00e9 m\u00eame qui \u00e9tait, jusqu&rsquo;\u00e0 pr\u00e9sent, consid\u00e9r\u00e9 comme le pilier le plus solide du syst\u00e8me de s\u00e9curit\u00e9 collective de l&rsquo;apr\u00e8s-guerre. Chacune des menaces r\u00e9clame un traitement sp\u00e9cifique, aucune n&rsquo;est moins dangereuse que les autres. Elles ont toutefois un point commun\u00a0: le rejet des normes juridiques commun\u00e9ment admises dans les d\u00e9mocraties et de la pr\u00e9valence de l\u2019\u00c9tat de droit.<!--more--><\/p>\n<p style=\"text-align: justify;\">S\u2019agissant du conflit arm\u00e9, la guerre en Ukraine n\u2019a jamais \u00e9t\u00e9 consid\u00e9r\u00e9e par l\u2019administration am\u00e9ricaine, m\u00eame d\u00e9mocrate, comme autre chose qu\u2019un conflit relativement marginal. N\u00e9anmoins, m\u00eame si cela se faisait sans grand enthousiasme, la pr\u00e9sidence de Joe Biden a clairement condamn\u00e9 la Russie comme \u00e9tant l\u2019agresseur et a soutenu l\u2019Ukraine financi\u00e8rement et surtout militairement, m\u00eame si cette aide a pu \u00eatre critiqu\u00e9e comme \u00e9tant insuffisante et venant parfois trop tard. Mais depuis la r\u00e9\u00e9lection de Donald Trump, il est d\u00e9sormais \u00e9vident que ce conflit est consid\u00e9r\u00e9 par ce dernier comme un insupportable obstacle \u00e0 un projet de refa\u00e7onnement des relations internationales, et c\u2019est pourquoi il doit cesser au plus vite, \u00e0 n\u2019importe quel prix. Ce nouvel ordre mondial ne serait plus fond\u00e9, comme jusqu\u2019alors, sur des normes reconnues (m\u00eames tr\u00e8s imparfaites et souvent enfreintes) et des r\u00e8gles de conduites \u00e9tablies, mais sur une brutalisation express\u00e9ment revendiqu\u00e9e des rapports entre les \u00c9tats. Peu importe que ceux-ci soient des adversaires ou des alli\u00e9s, les relations seront fond\u00e9es exclusivement sur la recherche, \u00e0 plus ou moins court terme, d\u2019avantages d\u2019ordre commercial ou financier. Dans cette vision \u00e9triqu\u00e9e du monde, il n\u2019y a, en fait, plus vraiment de place pour des \u00ab\u00a0alli\u00e9s\u00a0\u00bb. Il n\u2019y a plus que des vassaux qui n\u2019ont qu\u2019\u00e0 se plier sans rechigner aux exigences de grands pr\u00e9dateurs, \u00c9tats-Unis, Russie et Chine, reconnus, ces derniers, comme des \u00e9gaux et de possibles partenaires.<\/p>\n<p style=\"text-align: justify;\">En r\u00e9alit\u00e9, du chaos m\u00e9diatique entretenu quotidiennement par Donald Trump et ses proches et de leurs \u00a0propos confus et souvent contradictoires, il ressort de plus en plus clairement que la menace la plus s\u00e9rieuse pour les d\u00e9mocraties occidentales n\u2019est peut-\u00eatre pas tant de nature s\u00e9curitaire, dans un abandon de la protection militaire am\u00e9ricaine sur laquelle les responsables am\u00e9ricains laissent r\u00e9guli\u00e8rement planer le doute, mais de nature id\u00e9ologique. Bon gr\u00e9, mal gr\u00e9, il faudra bien que l\u2019Europe se mette en mesure d\u2019assurer sa propre s\u00e9curit\u00e9. Mais il ne faut pas se m\u00e9prendre, le Trumpisme est bel et bien une r\u00e9volution. En tout cas, c\u2019est bien ainsi que le con\u00e7oive ses partisans, comme une rupture, dans l\u2019ordre interne comme dans l\u2019ordre international. Les propos de Donald Trump peuvent \u00eatre d\u00e9cousus, ceux d\u2019Elon Musk provocateurs et souvent infantiles, mais ceux du Vice-pr\u00e9sident Vance, lors de la conf\u00e9rence sur la s\u00e9curit\u00e9 \u00e0 Munich, ont eu le m\u00e9rite d\u2019\u00eatre clairs. Il ne s\u2019agit pas seulement d\u2019une red\u00e9finition du r\u00f4le et de la place de chacun dans l\u2019ordre international, mais d\u2019une attaque en r\u00e8gle contre les principes m\u00eames sur lesquels sont fond\u00e9s les r\u00e9gimes d\u00e9mocratiques des pays europ\u00e9ens et occidentaux plus g\u00e9n\u00e9ralement. En s\u2019ing\u00e9rant \u00e0 Munich par deux fois de la mani\u00e8re la plus grossi\u00e8re dans les affaires des pays europ\u00e9ens et, particuli\u00e8rement du pays h\u00f4te de la conf\u00e9rence, le Vice-pr\u00e9sident am\u00e9ricain a fourni une illustration on ne peut plus \u00e9clairante de l\u2019agenda id\u00e9ologique de la nouvelle administration et de la mani\u00e8re dont elle entendait le mettre en \u0153uvre. Il s\u2019agit de l\u2019exportation dans les pays occidentaux d\u2019une vision de la soci\u00e9t\u00e9 et d\u2019une conception de l\u2019exercice du pouvoir d\u00e9j\u00e0 en cours de mise en \u0153uvre aux \u00c9tats-Unis. Cette menace est d\u2019autant plus dangereuse que, d\u2019une mani\u00e8re jusqu\u2019alors inconnue, les responsables am\u00e9ricains n\u2019h\u00e9sitent pas \u00e0 intervenir ouvertement dans la politique int\u00e9rieure des autres pays en apportant express\u00e9ment leur soutien \u00e0 des partis d\u2019extr\u00eame droite qui professent une contestation radicale de l\u2019ordre d\u00e9mocratique.<\/p>\n<p style=\"text-align: justify;\">Cette situation constitue bien une menace existentielle pour nos d\u00e9mocraties. Il est temps que le personnel politique europ\u00e9en prenne pleinement conscience que le temps n\u2019est plus \u00e0 des man\u0153uvres politiciennes d\u00e9risoires, mais qu\u2019il va falloir tr\u00e8s vite choisir son camp et d\u00e9finir une strat\u00e9gie sur la base d\u2019un consensus.<\/p>\n<p style=\"text-align: justify;\">\n","protected":false},"excerpt":{"rendered":"<p>Les pays europ\u00e9ens sont aujourd\u2019hui confront\u00e9s \u00e0 une triple menace. Une agression arm\u00e9e qui rappelle celle qu&rsquo;ils ont subie il y a 75 ans de la part de l\u2019Allemagne nazie, (les fondements id\u00e9ologiques du nazisme et ceux du poutinisme sont &hellip; <a href=\"https:\/\/carnet-libre-international.fr\/?p=357\">Continuer la lecture <span class=\"meta-nav\">&rarr;<\/span><\/a><\/p>\n","protected":false},"author":1,"featured_media":0,"comment_status":"open","ping_status":"open","sticky":false,"template":"","format":"standard","meta":{"jetpack_post_was_ever_published":false,"_jetpack_newsletter_access":"","_jetpack_dont_email_post_to_subs":false,"_jetpack_newsletter_tier_id":0,"_jetpack_memberships_contains_paywalled_content":false,"_jetpack_memberships_contains_paid_content":false,"footnotes":"","jetpack_publicize_message":"","jetpack_publicize_feature_enabled":true,"jetpack_social_post_already_shared":true,"jetpack_social_options":{"image_generator_settings":{"template":"highway","default_image_id":0,"font":"","enabled":false},"version":2}},"categories":[1],"tags":[50,51,88,6,89,43,87,8],"class_list":["post-357","post","type-post","status-publish","format-standard","hentry","category-articles","tag-etats-unis","tag-france","tag-poutine","tag-relations-internationales","tag-russie","tag-trump","tag-ukraine","tag-union-europeenne"],"jetpack_publicize_connections":[],"jetpack_featured_media_url":"","jetpack_sharing_enabled":true,"jetpack_shortlink":"https:\/\/wp.me\/p8ksID-5L","_links":{"self":[{"href":"https:\/\/carnet-libre-international.fr\/index.php?rest_route=\/wp\/v2\/posts\/357","targetHints":{"allow":["GET"]}}],"collection":[{"href":"https:\/\/carnet-libre-international.fr\/index.php?rest_route=\/wp\/v2\/posts"}],"about":[{"href":"https:\/\/carnet-libre-international.fr\/index.php?rest_route=\/wp\/v2\/types\/post"}],"author":[{"embeddable":true,"href":"https:\/\/carnet-libre-international.fr\/index.php?rest_route=\/wp\/v2\/users\/1"}],"replies":[{"embeddable":true,"href":"https:\/\/carnet-libre-international.fr\/index.php?rest_route=%2Fwp%2Fv2%2Fcomments&post=357"}],"version-history":[{"count":1,"href":"https:\/\/carnet-libre-international.fr\/index.php?rest_route=\/wp\/v2\/posts\/357\/revisions"}],"predecessor-version":[{"id":358,"href":"https:\/\/carnet-libre-international.fr\/index.php?rest_route=\/wp\/v2\/posts\/357\/revisions\/358"}],"wp:attachment":[{"href":"https:\/\/carnet-libre-international.fr\/index.php?rest_route=%2Fwp%2Fv2%2Fmedia&parent=357"}],"wp:term":[{"taxonomy":"category","embeddable":true,"href":"https:\/\/carnet-libre-international.fr\/index.php?rest_route=%2Fwp%2Fv2%2Fcategories&post=357"},{"taxonomy":"post_tag","embeddable":true,"href":"https:\/\/carnet-libre-international.fr\/index.php?rest_route=%2Fwp%2Fv2%2Ftags&post=357"}],"curies":[{"name":"wp","href":"https:\/\/api.w.org\/{rel}","templated":true}]}}