{"id":339,"date":"2024-06-12T10:28:45","date_gmt":"2024-06-12T08:28:45","guid":{"rendered":"https:\/\/carnet-libre-international.fr\/?p=339"},"modified":"2024-06-12T10:28:45","modified_gmt":"2024-06-12T08:28:45","slug":"pour-une-poignee-de-voix","status":"publish","type":"post","link":"https:\/\/carnet-libre-international.fr\/?p=339","title":{"rendered":"Pour une poign\u00e9e de voix"},"content":{"rendered":"<p style=\"text-align: justify;\">Pompidou, avait en son temps brocard\u00e9 l\u2019opposition la comparant \u00e0 ces \u00e9migr\u00e9s se tenant sur l\u2019autre rive, \u00ab\u00a0n\u2019ayant rien oubli\u00e9 et n\u2019ayant rien appris\u00a0\u00bb, selon l\u2019aphorisme de Talleyrand. La formule n\u2019en finit pas de resservir, mais au lendemain de la dissolution de l\u2019Assembl\u00e9e nationale, il semble que la gauche, du moins ses dirigeants, n\u2019ait non seulement rien appris, mais encore beaucoup oubli\u00e9.<\/p>\n<p style=\"text-align: justify;\">La h\u00e2te avec laquelle \u00e9cologistes, communistes et socialistes se sont empress\u00e9s de concocter une nouvelle alliance avec \u00ab\u00a0La\u00a0France Insoumise\u00a0\u00bb laisse perplexe.\u00a0\u00a0 L\u2019exp\u00e9rience\u00a0 pass\u00e9e d\u2019une cohabitation chaotique au sein de la NUPES devrait avoir servi de le\u00e7on.<\/p>\n<p style=\"text-align: justify;\">Oubli\u00e9 donc qu\u2019une alliance<\/p>\n<p style=\"text-align: justify;\"><!--more-->avec un parti qui a fait preuve, de mani\u00e8re continue et r\u00e9currente, de ses tendances sectaires et de son go\u00fbt pour la radicalit\u00e9 et la domination ne peut conduite qu\u2019au choix entre l\u2019alignement sur les positions les plus radicales ou le divorce.<\/p>\n<p style=\"text-align: justify;\">Oubli\u00e9 qu\u2019une campagne \u00e9lectorale devrait se faire sur un programme et que se borner \u00e0 annoncer une \u00ab\u00a0rupture\u00a0\u00bb rel\u00e8ve plus de l\u2019incantation que de v\u00e9ritables propositions. Car, quel programme en effet est-il envisageable de construire avec LFI dont la plupart des positions sur les grandes questions de l\u2019heure sont \u00e0 l\u2019oppos\u00e9 de celles des autres partis, que ce soit sur l\u2019Ukraine, l\u2019Europe, le Moyen-Orient, ou la politique \u00e9conomique\u00a0? Les deux ann\u00e9es pass\u00e9es, tout particuli\u00e8rement, ont montr\u00e9 qu\u2019il n\u2019y avait tr\u00e8s peu de points communs entre une social-d\u00e9mocratie qui aspire \u00e0 gouverner et une \u00ab\u00a0France insoumise\u00a0\u00bb vocif\u00e9rante, perp\u00e9tuellement dans l\u2019outrance, \u00e0 part le rejet de la majorit\u00e9 actuelle et de la personne du chef de l\u2019\u00c9tat. C\u2019est un peu court.<\/p>\n<p style=\"text-align: justify;\">Au lendemain de l\u2019annonce de la dissolution, Rapha\u00ebl Glucksmann tirant les cons\u00e9quences du constat que, au vu des r\u00e9sultats de l\u2019\u00e9lection europ\u00e9enne, le rapport des forces s\u2019est invers\u00e9, le Parti socialiste et son alli\u00e9 Place Publique d\u00e9passant largement LFI, a rejet\u00e9 cat\u00e9goriquement une reconstitution de la NUPES. Mais, surtout, il a pos\u00e9 lucidement un certain nombre de conditions \u00e0 tout accord entre les forces de gauche. Sur les cinq conditions \u00e9nonc\u00e9es, trois sont clairement\u00a0 difficilement compatibles avec\u00a0 les prises de positions et le comportement des dirigeants de LFI (\u00ab\u00a0soutien ind\u00e9fectibles de la construction europ\u00e9enne\u00a0\u00bb, \u00ab\u00a0soutien ind\u00e9fectible \u00e0 la r\u00e9sistance ukrainienne\u00a0\u00bb, \u00ab\u00a0rejet de la brutalisation de la vie politique\u00a0\u00bb). Au sein du PS,\u00a0 un accord avec LFI ne fait d\u2019ailleurs pas l\u2019unanimit\u00e9, or ce d\u00e9bat est loin d\u2019\u00eatre th\u00e9orique car il est appel\u00e9 \u00e0 se traduire sous peu en actions concr\u00e8tes sur le terrain \u00e9lectoral. La question qui se pose \u00a0est de savoir quelle ligne pr\u00e9vaudra. Le calendrier \u00e9lectoral serr\u00e9 impose d\u2019apporter \u00e0 tr\u00e8s bref d\u00e9lais les clarifications n\u00e9cessaires, mais au-del\u00e0 du choix d\u2019une strat\u00e9gie \u00e9lectorale c\u2019est bien l\u2019avenir de la gauche qui est encore une fois en jeu. S\u2019entendant, la gauche socio-d\u00e9mocrate r\u00e9publicaine et progressiste que le PS a longtemps incarn\u00e9e. Car peut-on encore s\u00e9rieusement qualifier de \u00ab\u00a0gauche\u00a0\u00bb une organisation comme LFI dont les objectifs et les m\u00e9thodes la rangent de plus en plus dans le champ des totalitarismes, bien loin de \u00ab\u00a0l\u2019arc r\u00e9publicain\u00a0\u00bb\u00a0?<\/p>\n<p style=\"text-align: justify;\">L\u2019heure est bien aux vendeurs de lune qui prosp\u00e8rent aux deux extr\u00e9mit\u00e9s du spectre politique. Cela leur a r\u00e9ussi si l\u2019on en juge par les r\u00e9sultats du r\u00e9cent scrutin. Faut-il pour autant les rejoindre et vendre son \u00e2me\u00a0?<\/p>\n","protected":false},"excerpt":{"rendered":"<p>Pompidou, avait en son temps brocard\u00e9 l\u2019opposition la comparant \u00e0 ces \u00e9migr\u00e9s se tenant sur l\u2019autre rive, \u00ab\u00a0n\u2019ayant rien oubli\u00e9 et n\u2019ayant rien appris\u00a0\u00bb, selon l\u2019aphorisme de Talleyrand. La formule n\u2019en finit pas de resservir, mais au lendemain de la &hellip; <a href=\"https:\/\/carnet-libre-international.fr\/?p=339\">Continuer la lecture <span class=\"meta-nav\">&rarr;<\/span><\/a><\/p>\n","protected":false},"author":1,"featured_media":0,"comment_status":"open","ping_status":"open","sticky":false,"template":"","format":"standard","meta":{"jetpack_post_was_ever_published":false,"_jetpack_newsletter_access":"","_jetpack_dont_email_post_to_subs":false,"_jetpack_newsletter_tier_id":0,"_jetpack_memberships_contains_paywalled_content":false,"_jetpack_memberships_contains_paid_content":false,"footnotes":"","jetpack_publicize_message":"","jetpack_publicize_feature_enabled":true,"jetpack_social_post_already_shared":true,"jetpack_social_options":{"image_generator_settings":{"template":"highway","default_image_id":0,"font":"","enabled":false},"version":2}},"categories":[55,48,12,83,70,64,47],"tags":[],"class_list":["post-339","post","type-post","status-publish","format-standard","hentry","category-elections","category-europe","category-france","category-gauche-elections","category-le-pen","category-macron","category-union-europeenne"],"jetpack_publicize_connections":[],"jetpack_featured_media_url":"","jetpack_sharing_enabled":true,"jetpack_shortlink":"https:\/\/wp.me\/p8ksID-5t","_links":{"self":[{"href":"https:\/\/carnet-libre-international.fr\/index.php?rest_route=\/wp\/v2\/posts\/339","targetHints":{"allow":["GET"]}}],"collection":[{"href":"https:\/\/carnet-libre-international.fr\/index.php?rest_route=\/wp\/v2\/posts"}],"about":[{"href":"https:\/\/carnet-libre-international.fr\/index.php?rest_route=\/wp\/v2\/types\/post"}],"author":[{"embeddable":true,"href":"https:\/\/carnet-libre-international.fr\/index.php?rest_route=\/wp\/v2\/users\/1"}],"replies":[{"embeddable":true,"href":"https:\/\/carnet-libre-international.fr\/index.php?rest_route=%2Fwp%2Fv2%2Fcomments&post=339"}],"version-history":[{"count":1,"href":"https:\/\/carnet-libre-international.fr\/index.php?rest_route=\/wp\/v2\/posts\/339\/revisions"}],"predecessor-version":[{"id":340,"href":"https:\/\/carnet-libre-international.fr\/index.php?rest_route=\/wp\/v2\/posts\/339\/revisions\/340"}],"wp:attachment":[{"href":"https:\/\/carnet-libre-international.fr\/index.php?rest_route=%2Fwp%2Fv2%2Fmedia&parent=339"}],"wp:term":[{"taxonomy":"category","embeddable":true,"href":"https:\/\/carnet-libre-international.fr\/index.php?rest_route=%2Fwp%2Fv2%2Fcategories&post=339"},{"taxonomy":"post_tag","embeddable":true,"href":"https:\/\/carnet-libre-international.fr\/index.php?rest_route=%2Fwp%2Fv2%2Ftags&post=339"}],"curies":[{"name":"wp","href":"https:\/\/api.w.org\/{rel}","templated":true}]}}