{"id":33,"date":"2012-05-30T16:59:16","date_gmt":"2012-05-30T15:59:16","guid":{"rendered":"http:\/\/carnet-libre-international.fr\/?p=33"},"modified":"2012-11-20T09:36:08","modified_gmt":"2012-11-20T09:36:08","slug":"le-chaudron-grec","status":"publish","type":"post","link":"https:\/\/carnet-libre-international.fr\/?p=33","title":{"rendered":"Le chaudron grec"},"content":{"rendered":"<p style=\"text-align: justify;\">D\u00e9cid\u00e9ment, la Gr\u00e8ce n\u2019en finit pas de hanter l\u2019inconscient europ\u00e9en.\u00a0Depuis presque quatre ans maintenant le pays est en crise. Ou, plus exactement cela fait quatre ans que cela est devenu \u00e9vident. Crise \u00e9conomique et financi\u00e8re aggrav\u00e9e par une crise politique o\u00f9 se retrouvent tous les d\u00e9lices et poisons de la cuisine politicienne traditionnelle grecque.<\/p>\n<p style=\"text-align: justify;\">Dans cette affaire, il semble que de tous c\u00f4t\u00e9s on soit dans le d\u00e9ni de la r\u00e9alit\u00e9.<br \/>\nLorsque la directrice g\u00e9n\u00e9rale du FMI suscite l\u2019indignation vertueuse de la gauche fran\u00e7aise et l\u2019ire des Grecs en les exhortant \u00e0 payer leurs imp\u00f4ts, elle ne fait, maladroitement ou de mani\u00e8re provocatrice, qu\u2019\u00e9noncer une banalit\u00e9 bien connue \u00e0 savoir que l\u2019Etat grec, m\u00eame si des progr\u00e8s ont \u00e9t\u00e9 enregistr\u00e9s ces derniers mois, a toujours \u00e9t\u00e9 chroniquement incapable depuis sa naissance de faire rentrer les recettes fiscales qui auraient permis de construire ce pays sur des bases solides.<!--more--><\/p>\n<p style=\"text-align: justify;\">Lorsque la Chanceli\u00e8re de l\u2019Allemagne f\u00e9d\u00e9rale r\u00e9p\u00e8te sans se lasser que l\u2019on ne peut pas avoir le beurre et l\u2019argent du beurre, c&rsquo;est-\u00e0-dire un renflouement des caisses par les partenaires europ\u00e9ens sans mesures drastiques de remise en ordre de la part d\u2019Ath\u00e8nes, elle ne fait que dire tout haut ce que tous les dirigeants europ\u00e9ens pensent, y compris ceux qui font montre d\u2019une sympathie quelque peu hypocrite pour les souffrances de la population grecque.<\/p>\n<p style=\"text-align: justify;\">Enfin, si l\u2019on en arriv\u00e9 \u00e0 un stade o\u00f9 le sc\u00e9nario de la sortie de la Gr\u00e8ce de la zone euro (et pourquoi pas de l\u2019Union ?) n\u2019est plus un tabou, mais est \u00e9voqu\u00e9 de mani\u00e8re de plus en plus ouverte, il faut bien reconna\u00eetre que la faute en revient pleinement \u00e0 la classe politique grecque qui, dans la tragi-com\u00e9die des derni\u00e8res \u00e9lections, a montr\u00e9 une fois de plus sa totale incapacit\u00e9 \u00e0 int\u00e9rioriser le sens de l\u2019Etat, de l\u2019int\u00e9r\u00eat national et du bien public. Les tergiversations de la droite traditionnelle \u00e0 soutenir le gouvernement du PASOK pendant la crise, le manque de d\u00e9termination de la direction du PASOK (malgr\u00e9 quelques personnalit\u00e9s de valeur), sous la pression des \u00e9l\u00e9ments populistes, ont conduit \u00e0 des \u00e9lections calamiteuses qui ont donn\u00e9 aux partis extr\u00e9mistes de gauche et de droite une capacit\u00e9 de nuire qui pourrait s\u2019av\u00e9rer fatale pour le pays.<br \/>\nDans ce contexte, il ne faut pas se tromper. La mont\u00e9e des extr\u00eames n\u2019est pas simplement due au m\u00e9morandum, catalogue de mesures de redressement impos\u00e9 \u00e0 la Gr\u00e8ce, m\u00eame si cette aust\u00e9rit\u00e9 venue de l\u2019\u00e9tranger est un bouc \u00e9missaire commode. Les partis extr\u00e9mistes n\u2019ont pu ainsi prosp\u00e9rer et exploiter la r\u00e9elle d\u00e9tresse d\u2019une partie de la population que parce que les partis traditionnels de droite comme de gauche ont \u00e9t\u00e9 incapables de faire preuve de courage et de lucidit\u00e9. Ils n\u2019ont du reste pas \u00e9t\u00e9 les seuls, les multiples formations issues du dernier scrutin, l\u2019extr\u00eame gauche SYRIZA en t\u00eate, ont pr\u00e9f\u00e9r\u00e9 torpiller les tentatives tardives de gouvernement d\u2019union nationale et provoquer de nouvelles \u00e9lections en tablant sur de minables calculs \u00e9lectoraux \u00e0 courte vue. Cela n\u2019est d\u2019ailleurs pas nouveau, l\u2019histoire de la Gr\u00e8ce moderne est une longue illustration de l\u2019imp\u00e9ritie de ses dirigeants.<\/p>\n<p style=\"text-align: justify;\">Ceci \u00e9tant dit, lorsque Manolis Gl\u00e9zos, le presque nonag\u00e9naire\u00ab h\u00e9ros de l\u2019Acropole \u00bb, rappelle aux Allemands qu\u2019ils sont mal venus de donner avec hauteur des le\u00e7ons aux Grecs apr\u00e8s avoir ravag\u00e9 leur pays de la pire mani\u00e8re pendant les ann\u00e9es atroces de l\u2019occupation, sans pour autant avoir contribu\u00e9 au rel\u00e8vement du pays par la suite, il touche un point sensible que l\u2019on aurait tort d\u2019ignorer ou de sous-estimer.<br \/>\nLes Grecs ont, certes, une propension facile \u00e0 voir la main de l\u2019\u00e9tranger dans tous leurs malheurs pour s\u2019exon\u00e9rer de leurs propres d\u00e9faillances, mais leur histoire n\u2019a pas favoris\u00e9 l\u2019enracinement d\u2019une d\u00e9mocratie sereine et efficiente. Les Balkans ne sont pas la Scandinavie.<\/p>\n<p style=\"text-align: justify;\">Apr\u00e8s quatre cents ans d\u2019une domination ottomane fort peu \u00e9clair\u00e9e qui l\u2019a tenue \u00e0 l\u2019\u00e9cart de la Renaissance et du d\u00e9veloppement \u00e9conomique et intellectuel du reste de l\u2019Europe, la nouvelle Gr\u00e8ce s\u2019est vue imposer par les Puissances de l\u2019\u00e9poque des dynasties \u00e9trang\u00e8res qui n\u2019ont pas toujours \u00e9t\u00e9 en phase avec leurs sujets. Durant le si\u00e8cle qui a suivi, les Grecs ont toujours eu le sentiment, parfois \u00e0 tort, mais pas toujours, que leur souhait, au demeurant l\u00e9gitime, de rassembler en un ensemble national les populations hell\u00e9nophones des r\u00e9gions sous domination \u00e9trang\u00e8re (empire ottoman, Bulgarie, Grande-Bretagne, Italie, Albanie) \u00e9tait au mieux ignor\u00e9, au pire syst\u00e9matiquement \u00e9touff\u00e9 par les pays qui d\u00e9finissaient les r\u00e8gles du jeu international.<\/p>\n<p style=\"text-align: justify;\">De ce sentiment d\u2019impuissance \u00e0 ma\u00eetriser son destin, le peuple grec a d\u00e9velopp\u00e9 une m\u00e9fiance profonde envers \u00ab les Puissances \u00bb (hier l\u2019Angleterre, puis les Etats-Unis, aujourd\u2019hui les institutions financi\u00e8res internationales et l\u2019Union europ\u00e9enne), de la m\u00eame mani\u00e8re que le citoyen se m\u00e9fie de l\u2019Etat qui ne lui appara\u00eet jamais comme le bien de tous, mais plut\u00f4t, au gr\u00e9 des alternances, comme la propri\u00e9t\u00e9 transitoire d\u2019un parti ou d\u2019une faction. Sur ce dernier point, l\u2019Histoire ne lui a pas vraiment donn\u00e9 tort.<br \/>\nAlors, sachant cela, fallait-il accepter la Gr\u00e8ce dans l\u2019Union ? Cela pouvait se discuter il y a trente ans. Aujourd\u2019hui la Gr\u00e8ce est un pays membre, son sort est li\u00e9 \u00e0 celui de ses partenaires, comme ils le sont au sien. Si demain le Dakota du Nord \u00e9tait au bord de la faillite, il ne viendrait \u00e0 l\u2019id\u00e9e de personne de le bouter hors des Etats-Unis.<br \/>\nLa question que l\u2019on peut se poser est plut\u00f4t : est-ce que les arguments qui ont pes\u00e9 \u00e0 l\u2019\u00e9poque en faveur de l\u2019adh\u00e9sion de la Gr\u00e8ce sont toujours aussi valides aujourd\u2019hui ? Le seul qui ait \u00e9t\u00e9 r\u00e9ellement d\u00e9cisif est d\u2019ordre culturel et symbolique : les racines grecques de la culture occidentale. On peut d\u00e9battre sans fin sur la nature et l\u2019authenticit\u00e9 de ces racines et des rapports de la Gr\u00e8ce moderne avec la culture classique, il n\u2019emp\u00eache, une identit\u00e9 se construit aussi \u00e0 partir d\u2019images et de symboles, fussent-ils approximatifs. Dans le Lego identitaire que les Europ\u00e9ens ont entrepris de b\u00e2tir ensemble sur la dur\u00e9e, la brique grecque serait-elle trop ch\u00e8re ? PR<\/p>\n","protected":false},"excerpt":{"rendered":"<p>D\u00e9cid\u00e9ment, la Gr\u00e8ce n\u2019en finit pas de hanter l\u2019inconscient europ\u00e9en. Depuis presque quatre ans maintenant le pays est en crise. Ou, plus exactement cela fait quatre ans que cela est devenu \u00e9vident. Crise \u00e9conomique et financi\u00e8re aggrav\u00e9e par une crise politique o\u00f9 se retrouvent tous les d\u00e9lices et poisons de la cuisine politicienne traditionnelle grecque.  <a href=\"https:\/\/carnet-libre-international.fr\/?p=33\">Continuer la lecture <span class=\"meta-nav\">&rarr;<\/span><\/a><\/p>\n","protected":false},"author":1,"featured_media":0,"comment_status":"open","ping_status":"open","sticky":false,"template":"","format":"standard","meta":{"jetpack_post_was_ever_published":false,"_jetpack_newsletter_access":"","_jetpack_dont_email_post_to_subs":false,"_jetpack_newsletter_tier_id":0,"_jetpack_memberships_contains_paywalled_content":false,"_jetpack_memberships_contains_paid_content":false,"footnotes":"","jetpack_publicize_message":"","jetpack_publicize_feature_enabled":true,"jetpack_social_post_already_shared":false,"jetpack_social_options":{"image_generator_settings":{"template":"highway","default_image_id":0,"font":"","enabled":false},"version":2}},"categories":[1],"tags":[7,50,51,15,8],"class_list":["post-33","post","type-post","status-publish","format-standard","hentry","category-articles","tag-elections","tag-etats-unis","tag-france","tag-grece","tag-union-europeenne"],"jetpack_publicize_connections":[],"jetpack_featured_media_url":"","jetpack_sharing_enabled":true,"jetpack_shortlink":"https:\/\/wp.me\/p8ksID-x","_links":{"self":[{"href":"https:\/\/carnet-libre-international.fr\/index.php?rest_route=\/wp\/v2\/posts\/33","targetHints":{"allow":["GET"]}}],"collection":[{"href":"https:\/\/carnet-libre-international.fr\/index.php?rest_route=\/wp\/v2\/posts"}],"about":[{"href":"https:\/\/carnet-libre-international.fr\/index.php?rest_route=\/wp\/v2\/types\/post"}],"author":[{"embeddable":true,"href":"https:\/\/carnet-libre-international.fr\/index.php?rest_route=\/wp\/v2\/users\/1"}],"replies":[{"embeddable":true,"href":"https:\/\/carnet-libre-international.fr\/index.php?rest_route=%2Fwp%2Fv2%2Fcomments&post=33"}],"version-history":[{"count":5,"href":"https:\/\/carnet-libre-international.fr\/index.php?rest_route=\/wp\/v2\/posts\/33\/revisions"}],"predecessor-version":[{"id":61,"href":"https:\/\/carnet-libre-international.fr\/index.php?rest_route=\/wp\/v2\/posts\/33\/revisions\/61"}],"wp:attachment":[{"href":"https:\/\/carnet-libre-international.fr\/index.php?rest_route=%2Fwp%2Fv2%2Fmedia&parent=33"}],"wp:term":[{"taxonomy":"category","embeddable":true,"href":"https:\/\/carnet-libre-international.fr\/index.php?rest_route=%2Fwp%2Fv2%2Fcategories&post=33"},{"taxonomy":"post_tag","embeddable":true,"href":"https:\/\/carnet-libre-international.fr\/index.php?rest_route=%2Fwp%2Fv2%2Ftags&post=33"}],"curies":[{"name":"wp","href":"https:\/\/api.w.org\/{rel}","templated":true}]}}