{"id":203,"date":"2017-04-25T11:09:10","date_gmt":"2017-04-25T15:09:10","guid":{"rendered":"http:\/\/carnet-libre-international.fr\/?p=203"},"modified":"2017-04-25T14:32:09","modified_gmt":"2017-04-25T18:32:09","slug":"les-lecons-du-23-avril","status":"publish","type":"post","link":"https:\/\/carnet-libre-international.fr\/?p=203","title":{"rendered":"Les le\u00e7ons du 23 avril"},"content":{"rendered":"<p style=\"text-align: justify;\">\u00a0\u00a0\u00a0\u00a0 Il faut bien commencer par-l\u00e0 : la candidate du Front National est qualifi\u00e9e pour le second tour de l\u2019\u00e9lection pr\u00e9sidentielle. On peut se r\u00e9jouir que son score ne soit pas aussi extraordinaire qu\u2019attendu au vu de certains sondages, on peut \u00eatre soulag\u00e9 de ce que le candidat arriv\u00e9 en t\u00eate ne soit pas un des nombreux autres vendeurs de lune qui \u00e9taient sur la ligne de d\u00e9part. Il n\u2019emp\u00eache, sa pr\u00e9sence et son relatif succ\u00e8s est le signe d\u2019un \u00e9chec grave.<br \/>\nL\u2019ensemble de la classe politique fran\u00e7aise porte sans doute une responsabilit\u00e9 dans cette situation. Mais celle de la gauche est particuli\u00e8rement lourde. La candidature destructrice du chef de la \u00ab France insoumise \u00bb en premier lieu n\u2019y est pas pour rien. En faisant le choix d\u2019une d\u00e9marche solitaire, en d\u00e9signant la social-d\u00e9mocratie r\u00e9formiste comme l\u2019ennemi prioritaire, il a condamn\u00e9 d\u2019avance toute tentative de rassemblement des forces de gauche autour du parti socialiste. M\u00e9lenchon passera peut-\u00eatre dans l\u2019Histoire comme celui qui a fini par faire \u00e9clater le parti socialiste, mais il ne devrait pas en tirer gloire, car, pour ceux qui ont un minimum de culture historique, cela rappelle un peu trop les strat\u00e9gies suicidaires des partis communistes de l\u2019entre deux guerre qui ont pr\u00e9f\u00e9r\u00e9 fermer les yeux sur la mont\u00e9e au pouvoir des partis totalitaires si cela pouvait an\u00e9antir les \u00ab sociaux-tra\u00eetres \u00bb. A cet \u00e9gard, son refus d\u2019appeler clairement \u00e0 voter pour l\u2019adversaire de Marine le Pen au second tour est significatif et coh\u00e9rent avec sa strat\u00e9gie d\u2019avant le premier tour. Elle n\u2019en manque pas moins de d\u00e9cence.<!--more--><br \/>\nLe candidat Hamon, de son c\u00f4t\u00e9, r\u00e9colte ce qu\u2019il a sem\u00e9. S\u2019\u00e9tant tromp\u00e9 d\u2019\u00e9poque et de programme, et visiblement peu dou\u00e9 pour l\u2019analyse politique, il a pens\u00e9 pouvoir refaire l\u2019Union de la gauche et le programme commun. Il se trouve que depuis 1981 le monde et la France ont chang\u00e9. Le PS de 2017 n\u2019\u00e9tait plus la formation montante h\u00e9g\u00e9monique de l\u2019\u00e9poque et Beno\u00eet Hamon n\u2019avait rien d\u2019un Mitterrand. Ne pas avoir compris que la raison d\u2019\u00eatre de Jean-Luc M\u00e9lenchon passait pas la destruction du parti socialiste et que donc, aucun accord ne serait possible avec lui, sauf \u00e0 d\u00e9boucher sur une capitulation, rel\u00e8ve d\u2019un singulier aveuglement.<br \/>\nPour ces deux candidats, il ne suffira pas de s\u2019en tirer par la pirouette habituelle qui consiste \u00e0 rejeter la responsabilit\u00e9 de la progression de l\u2019extr\u00eame droite sur la mondialisation, les pr\u00e9tendues politiques lib\u00e9rales, l\u2019Europe, ou les banques. La v\u00e9rit\u00e9 est qu\u2019en se montrant incapables de produire un programme intelligent et faisable, port\u00e9 par une personnalit\u00e9 cr\u00e9dible, les forces de gauche ont laiss\u00e9 l\u2019extr\u00eame droite sans v\u00e9ritable adversaire. Pire, en pr\u00e9sentant des programmes simplistes et incoh\u00e9rents, faisant appel davantage \u00e0 l\u2019\u00e9motion qu\u2019\u00e0 la raison, elles ont contribu\u00e9, de la m\u00eame mani\u00e8re que l\u2019extr\u00eame droite, \u00e0 duper les \u00e9lecteurs en leur faisant croire qu\u2019\u00e0 des situations complexes il n\u2019y avait que des solutions simples et radicales.<\/p>\n<p style=\"text-align: justify;\">Ceci pourrait d\u2019ailleurs largement s\u2019appliquer aux candidats de la droite.<\/p>\n<p style=\"text-align: justify;\">Aujourd\u2019hui, l\u2019urgence n\u2019est plus de pointer tous les aspects irr\u00e9alistes, dangereux, voire carr\u00e9ment anti d\u00e9mocratiques des programmes de ceux qui ne seront pas au second tour. L\u2019urgence est d\u2019\u00e9liminer au second tour la candidate du Front national, non seulement pour tout ce que repr\u00e9sente ce parti, son histoire et sa violence, mais parce que son programme qui repose sur des bases mensong\u00e8res, serait parfaitement suicidaire pour la France. Il serait sans doute, par contrecoup, \u00e9galement ruineux pour la plupart des pays europ\u00e9ens qui devraient g\u00e9rer l\u2019\u00e9clatement de la construction europ\u00e9enne et la disparition probable de l\u2019euro, mais pour s\u2019en tenir \u00e0 la France, le r\u00e9tr\u00e9cissement sur le plan \u00e9conomique, financier, politique et diplomatique serait tel que le pays mettrait des ann\u00e9es \u00e0 se stabiliser en ayant abandonn\u00e9 toute ambition de peser sur la sc\u00e8ne internationale.<\/p>\n<p style=\"text-align: justify;\">\u00c9videmment, on peut objecter que, m\u00eame si Marine le Pen parvenait \u00e0 se faire \u00e9lire, il est tr\u00e8s probable qu\u2019elle serait incapable d\u2019obtenir une majorit\u00e9 parlementaire qui lui permette de gouverner. La France serait condamn\u00e9e pour les cinq prochaines ann\u00e9es \u00e0 une cohabitation morose et le programme du Front national resterait dans les cartons. Ceci est sans doute exact, mais ne doit pas conduire \u00e0 la tentation d\u2019une indiff\u00e9rence qui se traduirait par une abstention ou un vote blanc. La d\u00e9faite de la candidate de l\u2019extr\u00eame droite doit \u00eatre massive et sans appel. Pour cela, il est moralement et politiquement imp\u00e9ratif de voter, non pas seulement contre la candidate Marine le Pen, mais pour tout ce qu\u2019elle rejette : une France apais\u00e9e dans une Europe ouverte et forte.<\/p>\n<p style=\"text-align: justify;\">Au-del\u00e0 du second tour, la recomposition probable du champ politique fran\u00e7ais devra \u00e9videmment tenir compte de ce qui s\u2019est pass\u00e9 pendant ces quelques derniers mois. Les errements et les ambitions personnelles des uns et des autres auront au moins eu pour avantage de faire appara\u00eetre au grand jour, dans chaque grande formation, des lignes de fractures qui ne pourront plus \u00eatre masqu\u00e9es par des synth\u00e8ses bancales ou des arrangements d\u2019appareils.<br \/>\nA gauche, notamment, le paysage est clair d\u00e9sormais. D\u2019un c\u00f4t\u00e9 une gauche social-d\u00e9mocrate r\u00e9formiste et r\u00e9aliste, d\u2019un autre une gauche utopique qui s\u2019est dans cette \u00e9lection scind\u00e9e en deux sous-ensembles : une gauche hamoniste r\u00eaveuse et d\u00e9connect\u00e9e \u00e0 laquelle la r\u00e9alit\u00e9 s\u2019est brutalement rappel\u00e9e le 23 avril, et une gauche m\u00e9lenchoniste, tout aussi \u00e9loign\u00e9e du r\u00e9el, mais qui a su s\u00e9duire par des effets d\u2019estrade un \u00e9lectorat port\u00e9 aux solutions simples et auquel, sans doute, personne d\u2019autre n\u2019avait su parler. Cette gauche-ci, \u00e0 la diff\u00e9rence de la pr\u00e9c\u00e9dente, sans doute vou\u00e9e \u00e0 l\u2019extinction, a peut-\u00eatre un avenir. En refusant de prendre parti entre les deux candidats du second tour, Jean-Luc M\u00e9lenchon m\u00e9nage l\u2019avenir et se projette sans doute d\u00e9j\u00e0 dans les l\u00e9gislatives. Depuis la quasi disparition du parti communiste, une place de trublion est \u00e0 prendre, et il est certain que le chef de la France insoumise se verrait bien \u00e0 la t\u00eate d\u2019une cinquantaine de d\u00e9put\u00e9s dans la prochaine Assembl\u00e9e nationale, de mani\u00e8re \u00e0 peser sur de futures coalitions.<br \/>\nReste la gauche social-d\u00e9mocrate, \u00e0 reconstruire. Est-ce que cette reconstruction se fera au sein ou en dehors du parti socialiste tel que nous le connaissons ? Le tr\u00e8s proche avenir le dira, mais il est certain que ceux qui au cours des derni\u00e8res ann\u00e9es n\u2019ont eu de cesse de saper ouvertement les efforts du gouvernement et de vilipender les r\u00e9formistes pourront difficilement y trouver leur place.<\/p>\n<p style=\"text-align: justify;\">Le dernier enseignement de cette \u00e9lection est celui-ci : le ph\u00e9nom\u00e8ne Macron comporte encore bien des incertitudes. Son programme est certes plus concret que ses d\u00e9tracteurs le pr\u00e9tendent, mais, surtout, il n\u2019y a aucune certitude que son mouvement puisse obtenir une majorit\u00e9 suffisante pour gouverner seul. Sa d\u00e9marche, fond\u00e9e sur le rassemblement, qui agr\u00e8ge des personnes venues d\u2019horizons politiques tr\u00e8s divers montre cependant peut-\u00eatre une voie possible pour faire \u00e9voluer la pratique politique fran\u00e7aise. La culture politique fran\u00e7aise que nous connaissons depuis toujours est celle de l\u2019affrontement. Nous contre les autres, la v\u00e9rit\u00e9 chez nous, l\u2019erreur, voire la malhonn\u00eatet\u00e9, chez les autres. Chaque scrutin ressemble \u00e0 une mise \u00e0 mort. Chaque parti, lorsqu\u2019il arrive au pouvoir, pr\u00e9tend avoir trouv\u00e9 le pays au bord du gouffre et affirme disposer des rem\u00e8des miracles qui vont le remettre sur pieds en moins de deux. Qui peut encore y croire ? Et comment s\u2019\u00e9tonner dans ce cas de la d\u00e9cr\u00e9dibilisation du discours politique ?<\/p>\n<p style=\"text-align: justify;\">Contrairement \u00e0 ce que pr\u00e9tendent les populistes de tous bords, la classe politique fran\u00e7aise est \u00e0 l\u2019image de la soci\u00e9t\u00e9, ni meilleure, ni pire, et plut\u00f4t de bonne qualit\u00e9 dans l\u2019ensemble. Il y a \u00e0 gauche comme \u00e0 droite un large vivier de personnes intelligentes et honn\u00eates et de propositions qui vont dans le sens du progr\u00e8s social et \u00e9conomique.<br \/>\nIl est peut-\u00eatre temps, sans renier aucunement ses convictions, ni ses engagements, d\u2019explorer des voies pour travailler de concert, comme les grands partis de la R\u00e9publique f\u00e9d\u00e9rale allemande ont su le faire \u00e0 divers moments critiques de leur pays.(PR)<\/p>\n","protected":false},"excerpt":{"rendered":"<p>\u00a0\u00a0\u00a0\u00a0 Il faut bien commencer par-l\u00e0 : la candidate du Front National est qualifi\u00e9e pour le second tour de l\u2019\u00e9lection pr\u00e9sidentielle. On peut se r\u00e9jouir que son score ne soit pas aussi extraordinaire qu\u2019attendu au vu de certains sondages, on &hellip; <a href=\"https:\/\/carnet-libre-international.fr\/?p=203\">Continuer la lecture <span class=\"meta-nav\">&rarr;<\/span><\/a><\/p>\n","protected":false},"author":1,"featured_media":0,"comment_status":"open","ping_status":"open","sticky":false,"template":"","format":"standard","meta":{"jetpack_post_was_ever_published":false,"_jetpack_newsletter_access":"","_jetpack_dont_email_post_to_subs":true,"_jetpack_newsletter_tier_id":0,"_jetpack_memberships_contains_paywalled_content":false,"_jetpack_memberships_contains_paid_content":false,"footnotes":"","jetpack_publicize_message":"","jetpack_publicize_feature_enabled":true,"jetpack_social_post_already_shared":true,"jetpack_social_options":{"image_generator_settings":{"template":"highway","default_image_id":0,"font":"","enabled":false},"version":2}},"categories":[1,55,12,64],"tags":[65,51,63,67,69,66,68],"class_list":["post-203","post","type-post","status-publish","format-standard","hentry","category-articles","category-elections","category-france","category-macron","tag-elections-presidentielles","tag-france","tag-gauche","tag-hamon","tag-le-pen","tag-macron","tag-melenchon"],"jetpack_publicize_connections":[],"jetpack_featured_media_url":"","jetpack_sharing_enabled":true,"jetpack_shortlink":"https:\/\/wp.me\/p8ksID-3h","_links":{"self":[{"href":"https:\/\/carnet-libre-international.fr\/index.php?rest_route=\/wp\/v2\/posts\/203","targetHints":{"allow":["GET"]}}],"collection":[{"href":"https:\/\/carnet-libre-international.fr\/index.php?rest_route=\/wp\/v2\/posts"}],"about":[{"href":"https:\/\/carnet-libre-international.fr\/index.php?rest_route=\/wp\/v2\/types\/post"}],"author":[{"embeddable":true,"href":"https:\/\/carnet-libre-international.fr\/index.php?rest_route=\/wp\/v2\/users\/1"}],"replies":[{"embeddable":true,"href":"https:\/\/carnet-libre-international.fr\/index.php?rest_route=%2Fwp%2Fv2%2Fcomments&post=203"}],"version-history":[{"count":3,"href":"https:\/\/carnet-libre-international.fr\/index.php?rest_route=\/wp\/v2\/posts\/203\/revisions"}],"predecessor-version":[{"id":207,"href":"https:\/\/carnet-libre-international.fr\/index.php?rest_route=\/wp\/v2\/posts\/203\/revisions\/207"}],"wp:attachment":[{"href":"https:\/\/carnet-libre-international.fr\/index.php?rest_route=%2Fwp%2Fv2%2Fmedia&parent=203"}],"wp:term":[{"taxonomy":"category","embeddable":true,"href":"https:\/\/carnet-libre-international.fr\/index.php?rest_route=%2Fwp%2Fv2%2Fcategories&post=203"},{"taxonomy":"post_tag","embeddable":true,"href":"https:\/\/carnet-libre-international.fr\/index.php?rest_route=%2Fwp%2Fv2%2Ftags&post=203"}],"curies":[{"name":"wp","href":"https:\/\/api.w.org\/{rel}","templated":true}]}}