{"id":124,"date":"2014-12-18T16:35:37","date_gmt":"2014-12-18T21:35:37","guid":{"rendered":"http:\/\/carnet-libre-international.fr\/?p=124"},"modified":"2025-03-13T16:24:15","modified_gmt":"2025-03-13T15:24:15","slug":"cuba-au-pied-du-mur","status":"publish","type":"post","link":"https:\/\/carnet-libre-international.fr\/?p=124","title":{"rendered":"Cuba au pied du mur"},"content":{"rendered":"<p style=\"text-align: justify;\">L\u2019annonce par le pr\u00e9sident Obama de la normalisation prochaine des relations entre les Etats-Unis et Cuba ferme une parenth\u00e8se de cinquante-trois ans et ouvre la voie au r\u00e9tablissement de relations diplomatiques, \u00e9conomiques et humaines entre les deux pays.<\/p>\n<p style=\"text-align: justify;\">Cette d\u00e9cision est le r\u00e9sultat d\u2019un constat d\u2019\u00e9chec, clairement formul\u00e9 par Barak Obama, de la politique d\u2019isolement et d\u2019embargo impos\u00e9e par les gouvernements am\u00e9ricains successifs depuis la victoire de la r\u00e9volution cubaine. Du simple fait que Fidel Castro et son r\u00e9gime aient pu survivre, en d\u00e9pit des vicissitudes, \u00e0 onze pr\u00e9sidents am\u00e9ricains successifs, on pouvait s\u2019en douter. Mais encore fallait-il que le pr\u00e9sident actuel le dise tout haut et en tire les cons\u00e9quences pratiques. En politique, les d\u00e9cisions les plus \u00e9videntes ne sont pas toujours les plus faciles \u00e0 prendre, celle-ci est bien un geste courageux qui m\u00e9rite d\u2019\u00eatre salu\u00e9.<!--more--><br \/>\nCertes, entre cette annonce et la normalisation compl\u00e8te des relations et la lev\u00e9e totale de l\u2019embargo, il y a encore un chemin \u00e0 parcourir sur les quel les opposants au changement du statu quo mettront tous les obstacles possibles. A commencer par certains membres du congr\u00e8s comme le s\u00e9nateur r\u00e9publicain Marco Rubio, porte-parole des anti-castristes irr\u00e9ductibles de Floride, qui n\u2019a pas eu de mots assez durs pour condamner la d\u00e9cision d\u2019Obama, qualifi\u00e9 de \u00ab pire n\u00e9gociateur qu\u2019il y ait eu \u00e0 la Maison Blanche \u00bb.<\/p>\n<p style=\"text-align: justify;\">Il y a toutefois tout \u00e0 parier que les choses iront \u00e0 leur terme sans trop de difficult\u00e9s. Comme le monde autour d\u2019elle, la diaspora cubaine a \u00e9volu\u00e9. Les jeunes g\u00e9n\u00e9rations, et souvent leurs parents eux-m\u00eames, n\u2019ont pas connu le r\u00e9gime castriste et sont plus enclines \u00e0 consid\u00e9rer sereinement une am\u00e9lioration des relations qui leur permettraient de renouer avec le pays de leurs origines. Le sujet est moins charg\u00e9 politiquement qu\u2019il ne l\u2019\u00e9tait dans le pass\u00e9 et, surmont\u00e9 le premier choc, il n\u2019est pas certain que cette d\u00e9cision se r\u00e9v\u00e8le au final handicapante \u00e9lectoralement pour les D\u00e9mocrates.<br \/>\nLes milieux d\u2019affaires am\u00e9ricains, de leur c\u00f4t\u00e9, ne peuvent que constater avec un certain d\u00e9pit qu\u2019ils sont bien les seuls \u00e0 ne pouvoir commercer avec l\u2019\u00eele distante d\u2019\u00e0 peine 150 kilom\u00e8tres de la Floride, la plupart des pays, y compris les membres de l\u2019Union europ\u00e9enne ne se g\u00eanant gu\u00e8re pour le faire en d\u00e9pit des contraintes de l\u2019embargo. Un nouveau march\u00e9, voisin de surcro\u00eet, ne serait pas pour leur d\u00e9plaire.<br \/>\nEnfin, et on peut imaginer que le pr\u00e9sident l\u2019avait \u00e0 l\u2019esprit, la normalisation des relations entre les deux pays l\u00e8vera l\u2019un des irritants r\u00e9currents dans les relations des Etats-Unis avec les pays d\u2019Am\u00e9rique latine qui constituait un des rares sujets sur lesquels le pr\u00e9sident Maduro, et avant lui Hugo Chavez, \u00e9taient capables de rallier un consensus.<\/p>\n<p style=\"text-align: justify;\">Cette avanc\u00e9e, dont Cuba devrait \u00eatre \u00e0 court terme le premier b\u00e9n\u00e9ficiaire, a \u2013t-elle \u00e9t\u00e9 obtenue \u00e0 bon march\u00e9 par le r\u00e9gime de la Havane, comme l\u2019affirment ceux qui doutent de la r\u00e9alit\u00e9 de la volont\u00e9 de changement des autorit\u00e9s cubaines qui, sans doute, auront plus de r\u00e9ticences \u00e0 desserrer le carcan politique qu\u2019\u00e0 \u00e9largir la lib\u00e9ralisation de l\u2019\u00e9conomie ? L\u00e0 non plus, bien \u00e9videmment, l\u2019ouverture politique ne se fera pas sans r\u00e9sistances et raidissements. Mais Cuba n\u2019est ni la Chine, ni m\u00eame le Vietnam, qui peuvent se permettre de faire coexister capitalisme d\u00e9brid\u00e9 et monopole politique du Parti Communiste, gr\u00e2ce \u00e0 un habile m\u00e9lange de dynamisme \u00e9conomique et de traditions h\u00e9rit\u00e9es de l\u2019Histoire. A la t\u00eate d\u2019un pays ruin\u00e9, Raul Castro risque fort d\u2019endosser le r\u00f4le d\u2019un Gorbatchev des Cara\u00efbes.<br \/>\nLe risque pour le peuple cubain est probablement moins que l\u2019ouverture d\u00e9mocratique et les droits de l&rsquo;homme ne soit oubli\u00e9s en route, mais davantage que la vague du changement que va provoquer l\u2019ouverture du pays n\u2019emporte sur son passage les \u00e9quilibres sociaux que le r\u00e9gime castriste, avec ses d\u00e9fauts les plus ex\u00e9crables comme avec ses qualit\u00e9s, avait contribu\u00e9 \u00e0 pr\u00e9server, ou m\u00eame \u00e0 \u00e9tablir. Le pire sc\u00e9nario serait une d\u00e9structuration brutale de la soci\u00e9t\u00e9 cubaine et le retour au statu quo ante Castro.<\/p>\n","protected":false},"excerpt":{"rendered":"<p>L\u2019annonce par le pr\u00e9sident Obama de la normalisation prochaine des relations entre les Etats-Unis et Cuba ferme une parenth\u00e8se de cinquante-trois ans et ouvre la voie au r\u00e9tablissement de relations diplomatiques, \u00e9conomiques et humaines entre les deux pays. Cette d\u00e9cision &hellip; <a href=\"https:\/\/carnet-libre-international.fr\/?p=124\">Continuer la lecture <span class=\"meta-nav\">&rarr;<\/span><\/a><\/p>\n","protected":false},"author":1,"featured_media":0,"comment_status":"open","ping_status":"open","sticky":false,"template":"","format":"standard","meta":{"jetpack_post_was_ever_published":false,"_jetpack_newsletter_access":"","_jetpack_dont_email_post_to_subs":false,"_jetpack_newsletter_tier_id":0,"_jetpack_memberships_contains_paywalled_content":false,"_jetpack_memberships_contains_paid_content":false,"footnotes":"","jetpack_publicize_message":"","jetpack_publicize_feature_enabled":true,"jetpack_social_post_already_shared":false,"jetpack_social_options":{"image_generator_settings":{"template":"highway","default_image_id":0,"font":"","enabled":false},"version":2}},"categories":[31,1,30,10,11],"tags":[58,33,57,50,49],"class_list":["post-124","post","type-post","status-publish","format-standard","hentry","category-amerique-latine","category-articles","category-cuba","category-etats-unis","category-obama","tag-amerique-latine","tag-castro","tag-cuba","tag-etats-unis","tag-obama"],"jetpack_publicize_connections":[],"jetpack_featured_media_url":"","jetpack_sharing_enabled":true,"jetpack_shortlink":"https:\/\/wp.me\/p8ksID-20","_links":{"self":[{"href":"https:\/\/carnet-libre-international.fr\/index.php?rest_route=\/wp\/v2\/posts\/124","targetHints":{"allow":["GET"]}}],"collection":[{"href":"https:\/\/carnet-libre-international.fr\/index.php?rest_route=\/wp\/v2\/posts"}],"about":[{"href":"https:\/\/carnet-libre-international.fr\/index.php?rest_route=\/wp\/v2\/types\/post"}],"author":[{"embeddable":true,"href":"https:\/\/carnet-libre-international.fr\/index.php?rest_route=\/wp\/v2\/users\/1"}],"replies":[{"embeddable":true,"href":"https:\/\/carnet-libre-international.fr\/index.php?rest_route=%2Fwp%2Fv2%2Fcomments&post=124"}],"version-history":[{"count":3,"href":"https:\/\/carnet-libre-international.fr\/index.php?rest_route=\/wp\/v2\/posts\/124\/revisions"}],"predecessor-version":[{"id":145,"href":"https:\/\/carnet-libre-international.fr\/index.php?rest_route=\/wp\/v2\/posts\/124\/revisions\/145"}],"wp:attachment":[{"href":"https:\/\/carnet-libre-international.fr\/index.php?rest_route=%2Fwp%2Fv2%2Fmedia&parent=124"}],"wp:term":[{"taxonomy":"category","embeddable":true,"href":"https:\/\/carnet-libre-international.fr\/index.php?rest_route=%2Fwp%2Fv2%2Fcategories&post=124"},{"taxonomy":"post_tag","embeddable":true,"href":"https:\/\/carnet-libre-international.fr\/index.php?rest_route=%2Fwp%2Fv2%2Ftags&post=124"}],"curies":[{"name":"wp","href":"https:\/\/api.w.org\/{rel}","templated":true}]}}